{"id":24085,"date":"2000-12-08T14:27:09","date_gmt":"2000-12-08T13:27:09","guid":{"rendered":"https:\/\/www.textilmuseum.ch\/?p=24085"},"modified":"2025-05-08T09:09:19","modified_gmt":"2025-05-08T07:09:19","slug":"owu-fil-faden-thread","status":"publish","type":"post","link":"https:\/\/www.textilmuseum.ch\/it\/owu-fil-faden-thread\/","title":{"rendered":"\u00d2w\u00fa. Fil. Faden. Thread"},"content":{"rendered":"<p>Una trapunta collega le citt\u00e0 di Vorarlberg, Lagos, San Gallo, Vienna e Dakar; testimonia l&#8217;intreccio duraturo tra tessuti, commercio e terrore.<!--more-->Il tessuto racconta un viaggio caratterizzato da incontri e cooperazione; ricorda l&#8217;eredit\u00e0 del colonialismo e del potere, della comunit\u00e0 e dell&#8217;appartenenza. Il tessuto dipana i fili della violenza, segue il desiderio di una vita diversa, i tentativi di riparazione e di creare nuove relazioni. Sperimentando diverse tecniche di produzione tessile come il ricamo, la tintura, la stampa o la riparazione, cerchiamo di creare nuove connessioni, all&#8217;interno e al di l\u00e0 dell&#8217;eredit\u00e0 coloniale.<\/p>\n<p>\nArtisti partecipanti: Anette Baldauf, Milou Gabriel, Sasha Huber, Janine Jembere, Susanna Delali Nuwordu, Abiona Esther Ojo, Jumoke Sanwo, Mariama Sow, Katharina Weingartner.<\/p>\n<p>&nbsp;<\/p>\n<p><img loading=\"lazy\" decoding=\"async\" class=\"alignnone size-medium wp-image-24856\" src=\"https:\/\/www.textilmuseum.ch\/wp-content\/uploads\/2025\/04\/FWF_Logo-280x35.png\" alt=\"\" width=\"280\" height=\"35\" srcset=\"https:\/\/www.textilmuseum.ch\/wp-content\/uploads\/2025\/04\/FWF_Logo-280x35.png 280w, https:\/\/www.textilmuseum.ch\/wp-content\/uploads\/2025\/04\/FWF_Logo-840x105.png 840w, https:\/\/www.textilmuseum.ch\/wp-content\/uploads\/2025\/04\/FWF_Logo-150x19.png 150w, https:\/\/www.textilmuseum.ch\/wp-content\/uploads\/2025\/04\/FWF_Logo-768x96.png 768w, https:\/\/www.textilmuseum.ch\/wp-content\/uploads\/2025\/04\/FWF_Logo.png 1280w\" sizes=\"auto, (max-width: 280px) 100vw, 280px\" \/><\/p>\n<p><img loading=\"lazy\" decoding=\"async\" class=\"alignnone size-medium wp-image-24748\" src=\"https:\/\/www.textilmuseum.ch\/wp-content\/uploads\/2025\/03\/Akademie_Logo_RGB-280x108.jpg\" alt=\"\" width=\"280\" height=\"108\" \/><\/p>\n<p>&nbsp;<\/p>\n","protected":false},"excerpt":{"rendered":"<p>Una trapunta collega le citt\u00e0 di Vorarlberg, Lagos, San Gallo, Vienna e Dakar; testimonia l&#8217;intreccio duraturo tra tessuti, commercio e terrore.<\/p>\n","protected":false},"author":7,"featured_media":24534,"comment_status":"closed","ping_status":"closed","sticky":true,"template":"","format":"standard","meta":{"ngg_post_thumbnail":0,"footnotes":""},"categories":[],"tags":[],"class_list":["post-24085","post","type-post","status-publish","format-standard","has-post-thumbnail","hentry"],"_links":{"self":[{"href":"https:\/\/www.textilmuseum.ch\/it\/wp-json\/wp\/v2\/posts\/24085","targetHints":{"allow":["GET"]}}],"collection":[{"href":"https:\/\/www.textilmuseum.ch\/it\/wp-json\/wp\/v2\/posts"}],"about":[{"href":"https:\/\/www.textilmuseum.ch\/it\/wp-json\/wp\/v2\/types\/post"}],"author":[{"embeddable":true,"href":"https:\/\/www.textilmuseum.ch\/it\/wp-json\/wp\/v2\/users\/7"}],"replies":[{"embeddable":true,"href":"https:\/\/www.textilmuseum.ch\/it\/wp-json\/wp\/v2\/comments?post=24085"}],"version-history":[{"count":4,"href":"https:\/\/www.textilmuseum.ch\/it\/wp-json\/wp\/v2\/posts\/24085\/revisions"}],"predecessor-version":[{"id":25488,"href":"https:\/\/www.textilmuseum.ch\/it\/wp-json\/wp\/v2\/posts\/24085\/revisions\/25488"}],"wp:featuredmedia":[{"embeddable":true,"href":"https:\/\/www.textilmuseum.ch\/it\/wp-json\/wp\/v2\/media\/24534"}],"wp:attachment":[{"href":"https:\/\/www.textilmuseum.ch\/it\/wp-json\/wp\/v2\/media?parent=24085"}],"wp:term":[{"taxonomy":"category","embeddable":true,"href":"https:\/\/www.textilmuseum.ch\/it\/wp-json\/wp\/v2\/categories?post=24085"},{"taxonomy":"post_tag","embeddable":true,"href":"https:\/\/www.textilmuseum.ch\/it\/wp-json\/wp\/v2\/tags?post=24085"}],"curies":[{"name":"wp","href":"https:\/\/api.w.org\/{rel}","templated":true}]}}