{"id":23499,"date":"2023-09-02T15:32:51","date_gmt":"2023-09-02T13:32:51","guid":{"rendered":"https:\/\/www.textilmuseum.ch\/?p=23499"},"modified":"2024-12-12T14:47:18","modified_gmt":"2024-12-12T13:47:18","slug":"il-cerchio-dacqua","status":"publish","type":"post","link":"https:\/\/www.textilmuseum.ch\/it\/il-cerchio-dacqua\/","title":{"rendered":"Il cerchio d&#8217;acqua. Tessuti flottanti"},"content":{"rendered":"<div>\n<p class=\"x_MsoNormal\">Il Museo del Tessuto di San Gallo presenta la mostra \u201cIl cerchio d&#8217;acqua. Tessuti flottanti\u201d, che offre una panoramica sul mondo multiforme dei costumi da bagno e della moda outdoor dal punto di vista della sostenibilit\u00e0.<\/p>\n<\/div>\n<p><!--more--><\/p>\n<div>\n<p class=\"x_MsoNormal\">Con questa mostra, il Museo del Tessuto intende contribuire a sensibilizzare l&#8217;opinione pubblica sul tema della moda sostenibile e incoraggiare i visitatori a esplorare il ciclo dell&#8217;acqua nel mondo tessile. I visitatori possono immergersi nel mondo dei tessuti legati all&#8217;acqua con tutti i sensi e conoscere le possibilit\u00e0 di produrre costumi da bagno e moda outdoor in modo da proteggere l&#8217;acqua come risorsa e permettere alle persone di viverla a lungo. La moda che indossiamo per nuotare e fare il bagno, cos\u00ec come l&#8217;abbigliamento che ci protegge dalla pioggia e dalla neve, \u00e8 stata ed \u00e8 spesso prodotta a spese dell&#8217;ambiente e dell&#8217;acqua.<\/p>\n<\/div>\n<div>\n<p class=\"x_MsoNormal\">In collaborazione con il Circular Lab dell&#8217;Universit\u00e0 di San Gallo e con le aziende tessili svizzere, il Museo del Tessuto presenta materiali e tecniche che dimostrano come la moda possa essere sostenibile, ecologica e rispettosa dell&#8217;acqua. <span lang=\"IT\">Sono esposti capi di abbigliamento e accessori appositamente progettati per le attivit\u00e0 acquatiche, come bikini e tute da sci realizzati con bottiglie in PET e giacche&nbsp;<\/span><span lang=\"IT\">antipioggia<\/span><span lang=\"IT\">&nbsp;biodegradabili.<\/span><\/p>\n<\/div>\n<div>\n<p class=\"x_MsoNormal\">Con la sua installazione tessile, l&#8217;artista Miriam Ferstl fotografa l&#8217;acqua e costituisce il preludio della mostra. Viaggiando dalla sua casa nella Foresta Bavarese fino a San Gallo, l&#8217;artista fotografa l&#8217;acqua attraverso gocce d&#8217;acqua. L&#8217;opera riprende la qualit\u00e0 e la bellezza dell&#8217;acqua e l&#8217;essenza della mostra: lo scorrere, il mutare e il continuo cambiamento.<\/p>\n<\/div>\n<div>\n<p class=\"x_MsoNormal\">Anche la scenografia della mostra \u00e8 impegnata nell&#8217;idea dell&#8217;economia circolare. <span lang=\"IT\">In stretta collaborazione con la Cr\u00e9ation Baumann di Langenthal, che produce soluzioni tessili innovative per l&#8217;arredamento d&#8217;interni,&nbsp;<\/span><span lang=\"IT\">viene creata<\/span><span lang=\"IT\">&nbsp;una scenografia in cui i tessuti per tende assumono un nuovo significato.<\/span><\/p>\n<\/div>\n<div>\n<p class=\"x_MsoNormal\"><span lang=\"IT\">&nbsp;<\/span><span lang=\"IT\">Il programma di&nbsp;<\/span><span lang=\"IT\">accompagnamento<\/span><span lang=\"IT\">&nbsp;comprender\u00e0 conferenze e workshop di esperti che condivideranno le loro conoscenze sulla moda sostenibile e sull&#8217;economia circolare.&nbsp;<\/span>Gli eventi saranno pubblicizzati tempestivamente sul sito tedesco.<\/p>\n<\/div>\n","protected":false},"excerpt":{"rendered":"<p>Il Museo del Tessuto di San Gallo presenta la mostra \u201cIl cerchio d&#8217;acqua. Tessuti flottanti\u201d, che offre una panoramica sul mondo multiforme dei costumi da bagno e della moda outdoor dal punto di vista della sostenibilit\u00e0.<\/p>\n","protected":false},"author":7,"featured_media":23473,"comment_status":"closed","ping_status":"closed","sticky":true,"template":"","format":"standard","meta":{"ngg_post_thumbnail":0,"footnotes":""},"categories":[226,6],"tags":[],"class_list":["post-23499","post","type-post","status-publish","format-standard","has-post-thumbnail","hentry","category-archivo","category-archiv"],"_links":{"self":[{"href":"https:\/\/www.textilmuseum.ch\/it\/wp-json\/wp\/v2\/posts\/23499","targetHints":{"allow":["GET"]}}],"collection":[{"href":"https:\/\/www.textilmuseum.ch\/it\/wp-json\/wp\/v2\/posts"}],"about":[{"href":"https:\/\/www.textilmuseum.ch\/it\/wp-json\/wp\/v2\/types\/post"}],"author":[{"embeddable":true,"href":"https:\/\/www.textilmuseum.ch\/it\/wp-json\/wp\/v2\/users\/7"}],"replies":[{"embeddable":true,"href":"https:\/\/www.textilmuseum.ch\/it\/wp-json\/wp\/v2\/comments?post=23499"}],"version-history":[{"count":4,"href":"https:\/\/www.textilmuseum.ch\/it\/wp-json\/wp\/v2\/posts\/23499\/revisions"}],"predecessor-version":[{"id":24088,"href":"https:\/\/www.textilmuseum.ch\/it\/wp-json\/wp\/v2\/posts\/23499\/revisions\/24088"}],"wp:featuredmedia":[{"embeddable":true,"href":"https:\/\/www.textilmuseum.ch\/it\/wp-json\/wp\/v2\/media\/23473"}],"wp:attachment":[{"href":"https:\/\/www.textilmuseum.ch\/it\/wp-json\/wp\/v2\/media?parent=23499"}],"wp:term":[{"taxonomy":"category","embeddable":true,"href":"https:\/\/www.textilmuseum.ch\/it\/wp-json\/wp\/v2\/categories?post=23499"},{"taxonomy":"post_tag","embeddable":true,"href":"https:\/\/www.textilmuseum.ch\/it\/wp-json\/wp\/v2\/tags?post=23499"}],"curies":[{"name":"wp","href":"https:\/\/api.w.org\/{rel}","templated":true}]}}