{"id":5835,"date":"2015-12-30T13:45:31","date_gmt":"2015-12-30T12:45:31","guid":{"rendered":"https:\/\/www.textilmuseum.ch\/?p=5835"},"modified":"2016-07-04T13:59:33","modified_gmt":"2016-07-04T11:59:33","slug":"6eme-triennale-europeenne-du-quilt","status":"publish","type":"post","link":"https:\/\/www.textilmuseum.ch\/fr\/6eme-triennale-europeenne-du-quilt\/","title":{"rendered":"6\u00e8me Triennale europ\u00e9enne du quilt"},"content":{"rendered":"<p>Plus de 160 travaux ont \u00e9t\u00e9 propos\u00e9s \u00e0 la 6\u00e8me Triennale europ\u00e9enne du quilt par des artistes textiles de 18 nations diff\u00e9rentes. Un jury international en s s\u00e9lectionn\u00e9 45 qui sont pr\u00e9sent\u00e9s dans cette exposition. Le Mus\u00e9e du textile de St Gall perp\u00e9tue ainsi le succ\u00e8s d\u00b4une s\u00e9rie d\u00b4expositions consacr\u00e9es \u00e0 l\u00b4\u00e9volution actuelle de cette technique traditionnelle, en collaboration avec le Mus\u00e9e du Palatinat, collection textile Max Berk, de Heidelberg.<!--more--><\/p>\n<p><img decoding=\"async\" src=\"https:\/\/www.textilmuseum.ch\/wp-content\/uploads\/2015\/12\/KMH_Zusatz1_sw-web-e1451489453562.jpg\" alt=\"KMH_Zusatz1_sw-web\" \/>\u00a0 \u00a0<img decoding=\"async\" src=\"https:\/\/www.textilmuseum.ch\/wp-content\/uploads\/2015\/12\/TMB_Logo_sw-web-e1451489468301.jpg\" alt=\"TMB_Logo_sw-web\" \/>\u00a0\u00a0\u00a0 \u00a0<img decoding=\"async\" src=\"https:\/\/www.textilmuseum.ch\/wp-content\/uploads\/2015\/12\/StadtHeidelberg_sw-web-e1451489502684.jpg\" alt=\"\" \/>\u00a0 \u00a0 \u00a0<a href=\"https:\/\/www.textilmuseum.ch\/wp-content\/uploads\/2015\/12\/BB-logo-20cm-1-e1451489527213.jpg\" rel=\"attachment wp-att-5264\"><img loading=\"lazy\" decoding=\"async\" class=\"alignnone wp-image-5264 size-full\" src=\"https:\/\/www.textilmuseum.ch\/wp-content\/uploads\/2015\/12\/BB-logo-20cm-1-e1451489527213.jpg\" alt=\"\" width=\"134\" height=\"32\" \/><\/a><\/p>\n","protected":false},"excerpt":{"rendered":"<p>Plus de 160 travaux ont \u00e9t\u00e9 propos\u00e9s \u00e0 la 6\u00e8me Triennale europ\u00e9enne du quilt par des artistes textiles de 18 nations diff\u00e9rentes. Un jury international en s s\u00e9lectionn\u00e9 45 qui sont pr\u00e9sent\u00e9s dans cette exposition. Le Mus\u00e9e du textile de St Gall perp\u00e9tue ainsi le succ\u00e8s d\u00b4une s\u00e9rie d\u00b4expositions consacr\u00e9es \u00e0 l\u00b4\u00e9volution actuelle de cette technique traditionnelle, en collaboration avec le Mus\u00e9e du Palatinat, collection textile Max Berk, de Heidelberg.<\/p>\n","protected":false},"author":4,"featured_media":0,"comment_status":"closed","ping_status":"closed","sticky":false,"template":"","format":"standard","meta":{"ngg_post_thumbnail":0,"footnotes":""},"categories":[29],"tags":[],"class_list":["post-5835","post","type-post","status-publish","format-standard","hentry","category-archives-des-expositions"],"_links":{"self":[{"href":"https:\/\/www.textilmuseum.ch\/fr\/wp-json\/wp\/v2\/posts\/5835","targetHints":{"allow":["GET"]}}],"collection":[{"href":"https:\/\/www.textilmuseum.ch\/fr\/wp-json\/wp\/v2\/posts"}],"about":[{"href":"https:\/\/www.textilmuseum.ch\/fr\/wp-json\/wp\/v2\/types\/post"}],"author":[{"embeddable":true,"href":"https:\/\/www.textilmuseum.ch\/fr\/wp-json\/wp\/v2\/users\/4"}],"replies":[{"embeddable":true,"href":"https:\/\/www.textilmuseum.ch\/fr\/wp-json\/wp\/v2\/comments?post=5835"}],"version-history":[{"count":5,"href":"https:\/\/www.textilmuseum.ch\/fr\/wp-json\/wp\/v2\/posts\/5835\/revisions"}],"predecessor-version":[{"id":5854,"href":"https:\/\/www.textilmuseum.ch\/fr\/wp-json\/wp\/v2\/posts\/5835\/revisions\/5854"}],"wp:attachment":[{"href":"https:\/\/www.textilmuseum.ch\/fr\/wp-json\/wp\/v2\/media?parent=5835"}],"wp:term":[{"taxonomy":"category","embeddable":true,"href":"https:\/\/www.textilmuseum.ch\/fr\/wp-json\/wp\/v2\/categories?post=5835"},{"taxonomy":"post_tag","embeddable":true,"href":"https:\/\/www.textilmuseum.ch\/fr\/wp-json\/wp\/v2\/tags?post=5835"}],"curies":[{"name":"wp","href":"https:\/\/api.w.org\/{rel}","templated":true}]}}