{"id":24289,"date":"2025-01-06T15:03:58","date_gmt":"2025-01-06T14:03:58","guid":{"rendered":"https:\/\/www.textilmuseum.ch\/?p=24289"},"modified":"2025-01-17T13:08:46","modified_gmt":"2025-01-17T12:08:46","slug":"textailes","status":"publish","type":"post","link":"https:\/\/www.textilmuseum.ch\/fr\/textailes\/","title":{"rendered":"TEXTaiLES &#8211; Outils et m\u00e9thodes de num\u00e9risation des textiles pour le patrimoine culturel"},"content":{"rendered":"<p>Un projet de recherche Horizon sur l&rsquo;utilisation des technologies num\u00e9riques cl\u00e9s dans l&rsquo;enregistrement et la visualisation du patrimoine culturel textile.<!--more--><\/p>\n<p>Les produits textiles et les m\u00e9tiers et traditions qui leur sont associ\u00e9s, sur lesquels se penche le projet de recherche <a href=\"https:\/\/textailes-eccch.eu\/\" target=\"_blank\" rel=\"noopener\">TEXTaiLES<\/a>, jouent un r\u00f4le central et d\u00e9cisif dans l&rsquo;histoire europ\u00e9enne. Malgr\u00e9 les r\u00e9cents progr\u00e8s m\u00e9thodologiques dans la recherche europ\u00e9enne sur le textile, trop peu d&rsquo;attention a \u00e9t\u00e9 accord\u00e9e \u00e0 la num\u00e9risation du patrimoine culturel textile.<br \/>\nCela peut s&rsquo;expliquer, entre autres, par les grands d\u00e9fis techniques que posent les objets textiles, notamment en raison de leur nature souple et flexible, des dimensions minuscules de leur structure primaire et de leur sensibilit\u00e9 inh\u00e9rente aux produits de d\u00e9composition.<br \/>\nLe projet TEXTaiLES s&rsquo;est donn\u00e9 pour mission d&rsquo;utiliser les nouvelles technologies cl\u00e9s telles que l&rsquo;intelligence artificielle (IA), la num\u00e9risation 3D, l&rsquo;Internet des objets (IoT), le cloud\/edge computing, la robotique et les jumeaux num\u00e9riques (DT) pour saisir et visualiser les propri\u00e9t\u00e9s visibles et invisibles des textiles.<\/p>\n<p>\u00c9tude de cas du mus\u00e9e du textile<\/p>\n<p>Ce projet, qui couvre la p\u00e9riode 2025-2028, est financ\u00e9 par la Communaut\u00e9 europ\u00e9enne dans le cadre du programme Horizon Europe.<\/p>\n<p>Ce travail a re\u00e7u un financement du Secr\u00e9tariat d&rsquo;Etat \u00e0 l&rsquo;\u00e9ducation, \u00e0 la recherche et \u00e0 l&rsquo;innovation (SERI).<\/p>\n<p><a href=\"https:\/\/www.sbfi.admin.ch\/sbfi\/en\/home.html\"><img loading=\"lazy\" decoding=\"async\" class=\"alignnone wp-image-24209 size-medium\" src=\"https:\/\/www.textilmuseum.ch\/wp-content\/uploads\/2025\/01\/WBF_SBFI_EU_Frameworkprogramme_E_CMYK_pos_quer-280x71.jpg\" alt=\"\" width=\"280\" height=\"71\" srcset=\"https:\/\/www.textilmuseum.ch\/wp-content\/uploads\/2025\/01\/WBF_SBFI_EU_Frameworkprogramme_E_CMYK_pos_quer-280x71.jpg 280w, https:\/\/www.textilmuseum.ch\/wp-content\/uploads\/2025\/01\/WBF_SBFI_EU_Frameworkprogramme_E_CMYK_pos_quer-840x213.jpg 840w, https:\/\/www.textilmuseum.ch\/wp-content\/uploads\/2025\/01\/WBF_SBFI_EU_Frameworkprogramme_E_CMYK_pos_quer-150x38.jpg 150w, https:\/\/www.textilmuseum.ch\/wp-content\/uploads\/2025\/01\/WBF_SBFI_EU_Frameworkprogramme_E_CMYK_pos_quer-768x195.jpg 768w, https:\/\/www.textilmuseum.ch\/wp-content\/uploads\/2025\/01\/WBF_SBFI_EU_Frameworkprogramme_E_CMYK_pos_quer.jpg 1368w\" sizes=\"auto, (max-width: 280px) 100vw, 280px\" \/><\/a><\/p>\n<p>&nbsp;<\/p>\n<h4>Partenaires<\/h4>\n<p><img loading=\"lazy\" decoding=\"async\" class=\"alignnone wp-image-24251 size-thumbnail\" src=\"https:\/\/www.textilmuseum.ch\/wp-content\/uploads\/2025\/01\/UNIWERSYTET-WARSZAWSKI-150x58.png\" alt=\"\" width=\"150\" height=\"58\" srcset=\"https:\/\/www.textilmuseum.ch\/wp-content\/uploads\/2025\/01\/UNIWERSYTET-WARSZAWSKI-150x58.png 150w, https:\/\/www.textilmuseum.ch\/wp-content\/uploads\/2025\/01\/UNIWERSYTET-WARSZAWSKI-280x108.png 280w, https:\/\/www.textilmuseum.ch\/wp-content\/uploads\/2025\/01\/UNIWERSYTET-WARSZAWSKI.png 410w\" sizes=\"auto, (max-width: 150px) 100vw, 150px\" \/><\/p>\n<p><img loading=\"lazy\" decoding=\"async\" class=\"alignnone wp-image-24247 size-thumbnail\" src=\"https:\/\/www.textilmuseum.ch\/wp-content\/uploads\/2025\/01\/sapienza-big-150x73.png\" alt=\"\" width=\"150\" height=\"73\" srcset=\"https:\/\/www.textilmuseum.ch\/wp-content\/uploads\/2025\/01\/sapienza-big-150x73.png 150w, https:\/\/www.textilmuseum.ch\/wp-content\/uploads\/2025\/01\/sapienza-big.png 247w\" sizes=\"auto, (max-width: 150px) 100vw, 150px\" \/><\/p>\n<p><img loading=\"lazy\" decoding=\"async\" class=\"alignnone wp-image-24231 size-thumbnail\" src=\"https:\/\/www.textilmuseum.ch\/wp-content\/uploads\/2025\/01\/logo-1-150x42.png\" alt=\"\" width=\"150\" height=\"42\" srcset=\"https:\/\/www.textilmuseum.ch\/wp-content\/uploads\/2025\/01\/logo-1-150x42.png 150w, https:\/\/www.textilmuseum.ch\/wp-content\/uploads\/2025\/01\/logo-1-280x79.png 280w, https:\/\/www.textilmuseum.ch\/wp-content\/uploads\/2025\/01\/logo-1.png 353w\" sizes=\"auto, (max-width: 150px) 100vw, 150px\" \/><\/p>\n<p><img loading=\"lazy\" decoding=\"async\" class=\"alignnone wp-image-24222 size-thumbnail\" src=\"https:\/\/www.textilmuseum.ch\/wp-content\/uploads\/2025\/01\/Fraunhofer_Logo-150x42.png\" alt=\"\" width=\"150\" height=\"42\" srcset=\"https:\/\/www.textilmuseum.ch\/wp-content\/uploads\/2025\/01\/Fraunhofer_Logo-150x42.png 150w, https:\/\/www.textilmuseum.ch\/wp-content\/uploads\/2025\/01\/Fraunhofer_Logo.png 258w\" sizes=\"auto, (max-width: 150px) 100vw, 150px\" \/><\/p>\n<p><img loading=\"lazy\" decoding=\"async\" class=\"alignnone wp-image-24218 size-thumbnail\" src=\"https:\/\/www.textilmuseum.ch\/wp-content\/uploads\/2025\/01\/ACCELIGENCE-150x84.png\" alt=\"\" width=\"150\" height=\"84\" srcset=\"https:\/\/www.textilmuseum.ch\/wp-content\/uploads\/2025\/01\/ACCELIGENCE-150x84.png 150w, https:\/\/www.textilmuseum.ch\/wp-content\/uploads\/2025\/01\/ACCELIGENCE.png 169w\" sizes=\"auto, (max-width: 150px) 100vw, 150px\" \/><\/p>\n<p><img decoding=\"async\" src=\"https:\/\/www.textilmuseum.ch\/wp-content\/uploads\/2025\/01\/nubis-logo-scaled-negative-1-150x150.png\"><\/p>\n<p><img decoding=\"async\" src=\"https:\/\/www.textilmuseum.ch\/wp-content\/uploads\/2025\/01\/OULUN-yliopisto-150x150.png\"><\/p>\n","protected":false},"excerpt":{"rendered":"<p>Un projet de recherche Horizon sur l&rsquo;utilisation des technologies num\u00e9riques cl\u00e9s dans l&rsquo;enregistrement et la visualisation du patrimoine culturel textile.<\/p>\n","protected":false},"author":7,"featured_media":0,"comment_status":"closed","ping_status":"closed","sticky":false,"template":"","format":"standard","meta":{"ngg_post_thumbnail":0,"footnotes":""},"categories":[335],"tags":[],"class_list":["post-24289","post","type-post","status-publish","format-standard","hentry","category-projekte"],"_links":{"self":[{"href":"https:\/\/www.textilmuseum.ch\/fr\/wp-json\/wp\/v2\/posts\/24289","targetHints":{"allow":["GET"]}}],"collection":[{"href":"https:\/\/www.textilmuseum.ch\/fr\/wp-json\/wp\/v2\/posts"}],"about":[{"href":"https:\/\/www.textilmuseum.ch\/fr\/wp-json\/wp\/v2\/types\/post"}],"author":[{"embeddable":true,"href":"https:\/\/www.textilmuseum.ch\/fr\/wp-json\/wp\/v2\/users\/7"}],"replies":[{"embeddable":true,"href":"https:\/\/www.textilmuseum.ch\/fr\/wp-json\/wp\/v2\/comments?post=24289"}],"version-history":[{"count":4,"href":"https:\/\/www.textilmuseum.ch\/fr\/wp-json\/wp\/v2\/posts\/24289\/revisions"}],"predecessor-version":[{"id":24309,"href":"https:\/\/www.textilmuseum.ch\/fr\/wp-json\/wp\/v2\/posts\/24289\/revisions\/24309"}],"wp:attachment":[{"href":"https:\/\/www.textilmuseum.ch\/fr\/wp-json\/wp\/v2\/media?parent=24289"}],"wp:term":[{"taxonomy":"category","embeddable":true,"href":"https:\/\/www.textilmuseum.ch\/fr\/wp-json\/wp\/v2\/categories?post=24289"},{"taxonomy":"post_tag","embeddable":true,"href":"https:\/\/www.textilmuseum.ch\/fr\/wp-json\/wp\/v2\/tags?post=24289"}],"curies":[{"name":"wp","href":"https:\/\/api.w.org\/{rel}","templated":true}]}}