{"id":15530,"date":"2020-06-06T15:28:06","date_gmt":"2020-06-06T13:28:06","guid":{"rendered":"https:\/\/www.textilmuseum.ch\/?p=15530"},"modified":"2020-10-12T16:31:26","modified_gmt":"2020-10-12T14:31:26","slug":"retour-sur-as-mode-du-cirque-knie","status":"publish","type":"post","link":"https:\/\/www.textilmuseum.ch\/fr\/retour-sur-as-mode-du-cirque-knie\/","title":{"rendered":"Retour sur la Mode du Cirque Knie"},"content":{"rendered":"<p>Les photos nous remplissent d\u2019une douce m\u00e9lancolie. Ce fut pour nous un plaisir et un honneur de pr\u00e9senter les costumes du Cirque Knie \u00e0 l\u2019occasion de son centenaire. Nous souhaitons \u00e0 la famille d\u2019artistes Knie tout le meilleur pour l\u2019avenir.<!--more--><\/p>\n<p><iframe loading=\"lazy\" title=\"Mode Circus Knie. Kost\u00fcme aus 100 Jahren\" width=\"500\" height=\"281\" src=\"https:\/\/www.youtube.com\/embed\/SrrSJ-n54js?start=5&#038;feature=oembed\" frameborder=\"0\" allow=\"accelerometer; autoplay; clipboard-write; encrypted-media; gyroscope; picture-in-picture; web-share\" referrerpolicy=\"strict-origin-when-cross-origin\" allowfullscreen><\/iframe><\/p>\n","protected":false},"excerpt":{"rendered":"<p>Les photos nous remplissent d\u2019une douce m\u00e9lancolie. Ce fut pour nous un plaisir et un honneur de pr\u00e9senter les costumes du Cirque Knie \u00e0 l\u2019occasion de son centenaire. Nous souhaitons \u00e0 la famille d\u2019artistes Knie tout le meilleur pour l\u2019avenir.<\/p>\n","protected":false},"author":7,"featured_media":0,"comment_status":"closed","ping_status":"closed","sticky":false,"template":"","format":"standard","meta":{"ngg_post_thumbnail":0,"footnotes":""},"categories":[230],"tags":[],"class_list":["post-15530","post","type-post","status-publish","format-standard","hentry","category-tm-digital-fr"],"_links":{"self":[{"href":"https:\/\/www.textilmuseum.ch\/fr\/wp-json\/wp\/v2\/posts\/15530","targetHints":{"allow":["GET"]}}],"collection":[{"href":"https:\/\/www.textilmuseum.ch\/fr\/wp-json\/wp\/v2\/posts"}],"about":[{"href":"https:\/\/www.textilmuseum.ch\/fr\/wp-json\/wp\/v2\/types\/post"}],"author":[{"embeddable":true,"href":"https:\/\/www.textilmuseum.ch\/fr\/wp-json\/wp\/v2\/users\/7"}],"replies":[{"embeddable":true,"href":"https:\/\/www.textilmuseum.ch\/fr\/wp-json\/wp\/v2\/comments?post=15530"}],"version-history":[{"count":2,"href":"https:\/\/www.textilmuseum.ch\/fr\/wp-json\/wp\/v2\/posts\/15530\/revisions"}],"predecessor-version":[{"id":15532,"href":"https:\/\/www.textilmuseum.ch\/fr\/wp-json\/wp\/v2\/posts\/15530\/revisions\/15532"}],"wp:attachment":[{"href":"https:\/\/www.textilmuseum.ch\/fr\/wp-json\/wp\/v2\/media?parent=15530"}],"wp:term":[{"taxonomy":"category","embeddable":true,"href":"https:\/\/www.textilmuseum.ch\/fr\/wp-json\/wp\/v2\/categories?post=15530"},{"taxonomy":"post_tag","embeddable":true,"href":"https:\/\/www.textilmuseum.ch\/fr\/wp-json\/wp\/v2\/tags?post=15530"}],"curies":[{"name":"wp","href":"https:\/\/api.w.org\/{rel}","templated":true}]}}